[{"@context":"https:\/\/schema.org\/","@type":"Article","@id":"https:\/\/www.jblbc.cz\/predem\/#Article","mainEntityOfPage":"https:\/\/www.jblbc.cz\/predem\/","headline":"P\u0159edem","name":"P\u0159edem","description":"Pot\u0159ebujete svatebn\u00ed ozn\u00e1men\u00ed? Zadejte si je prost\u0159ednictv\u00edm na\u0161\u00ed spole\u010dnosti a ur\u010dit\u011b si u n\u00e1s najdete...","datePublished":"2024-11-13","dateModified":"2024-11-13","author":{"@type":"Person","@id":"https:\/\/www.jblbc.cz\/author\/#Person","name":"","url":"https:\/\/www.jblbc.cz\/author\/","identifier":1,"image":{"@type":"ImageObject","@id":"https:\/\/secure.gravatar.com\/avatar\/1fd5b20daa9a47a1102459a7c733d369075d8cc724ab489feb8ed72c657d346e?s=96&d=mm&r=g","url":"https:\/\/secure.gravatar.com\/avatar\/1fd5b20daa9a47a1102459a7c733d369075d8cc724ab489feb8ed72c657d346e?s=96&d=mm&r=g","height":96,"width":96}},"publisher":{"@type":"Organization","name":"jblbc.cz","logo":{"@type":"ImageObject","@id":"\/logo.png","url":"\/logo.png","width":600,"height":60}},"url":"https:\/\/www.jblbc.cz\/predem\/","wordCount":182,"articleBody":"Pot\u0159ebujete svatebn\u00ed ozn\u00e1men\u00ed? Zadejte si je prost\u0159ednictv\u00edm na\u0161\u00ed spole\u010dnosti a ur\u010dit\u011b si u n\u00e1s najdete ka\u017ed\u00fd sv\u00e9. Nev\u00e1hejte oslovit na\u0161i firmu a my va\u0161i vizi a fantazii p\u0159ivedeme k dokonalosti. Pak u\u017e bude z\u00e1le\u017eet pouze na v\u00e1s, zda svatebn\u00ed den bude pat\u0159it mezi ty nejkr\u00e1sn\u011bj\u0161\u00ed ve va\u0161em \u017eivot\u011b. Neponech\u00e1vejte nic n\u00e1hod\u011b a v\u0161e si za\u010dn\u011bte pl\u00e1novat a zaji\u0161\u0165ovat s dostate\u010dn\u00fdm p\u0159edstihem.\tEx postZku\u0161enosti ukazuj\u00ed, \u017ee pokud jste se pr\u00e1v\u011b zasnoubili a p\u0159em\u00fd\u0161l\u00edte o term\u00ednu svatby, abyste v\u0161e stihli v klidu a pohod\u011b, dejte si na jej\u00ed p\u0159\u00edpravu alespo\u0148 p\u016fl roku. Tedy v p\u0159\u00edpad\u011b, \u017ee hodl\u00e1te dodr\u017eovat svatebn\u00ed tradice a pozvat p\u0159\u00edbuzn\u00e9 a zn\u00e1m\u00e9, na kter\u00fdch v\u00e1m z\u00e1le\u017e\u00ed. Pokud budete na sv\u00e9 vlastn\u00ed svatb\u011b pouze \u010dty\u0159i, tedy vy a sv\u011bdci, tak ur\u010dit\u011b nezapome\u0148te alespo\u0148 na svatebn\u00ed ozn\u00e1men\u00ed ex post.                                                                                                                                                                                                                                                                                                                                                                                        4.5\/5 - (4 votes)        "},{"@context":"https:\/\/schema.org\/","@type":"BreadcrumbList","itemListElement":[{"@type":"ListItem","position":1,"name":"P\u0159edem","item":"https:\/\/www.jblbc.cz\/predem\/#breadcrumbitem"}]}]