[{"@context":"https:\/\/schema.org\/","@type":"Article","@id":"https:\/\/www.jblbc.cz\/pekna-pergola\/#Article","mainEntityOfPage":"https:\/\/www.jblbc.cz\/pekna-pergola\/","headline":"P\u011bkn\u00e1 pergola","name":"P\u011bkn\u00e1 pergola","description":"L\u00edb\u00ed se v\u00e1m, kdy\u017e m\u00e1te velkou zahradu? Mysl\u00edm si, \u017ee je opravdu mnoho lid\u00ed, kte\u0159\u00ed...","datePublished":"2022-06-19","dateModified":"2023-12-20","author":{"@type":"Person","@id":"https:\/\/www.jblbc.cz\/author\/#Person","name":"","url":"https:\/\/www.jblbc.cz\/author\/","identifier":1,"image":{"@type":"ImageObject","@id":"https:\/\/secure.gravatar.com\/avatar\/1fd5b20daa9a47a1102459a7c733d369075d8cc724ab489feb8ed72c657d346e?s=96&d=mm&r=g","url":"https:\/\/secure.gravatar.com\/avatar\/1fd5b20daa9a47a1102459a7c733d369075d8cc724ab489feb8ed72c657d346e?s=96&d=mm&r=g","height":96,"width":96}},"publisher":{"@type":"Organization","name":"jblbc.cz","logo":{"@type":"ImageObject","@id":"\/logo.png","url":"\/logo.png","width":600,"height":60}},"image":{"@type":"ImageObject","@id":"https:\/\/www.jblbc.cz\/wp-content\/uploads\/%C5%A1et%C5%99%C3%ADme%20na%20elektrocentr%C3%A1lu_4.png","url":"https:\/\/www.jblbc.cz\/wp-content\/uploads\/%C5%A1et%C5%99%C3%ADme%20na%20elektrocentr%C3%A1lu_4.png","height":0,"width":0},"url":"https:\/\/www.jblbc.cz\/pekna-pergola\/","about":["Slu\u017eby"],"wordCount":444,"articleBody":"         L\u00edb\u00ed se v\u00e1m, kdy\u017e m\u00e1te velkou zahradu? Mysl\u00edm si, \u017ee je opravdu mnoho lid\u00ed, kte\u0159\u00ed si d\u00e1vaj\u00ed z\u00e1le\u017eet na tom, aby m\u011bli p\u011bknou zahradu a j\u00e1 pat\u0159\u00edm pr\u00e1v\u011b k nim. V\u017edycky byl m\u016fj sen m\u00edt kr\u00e1snou velkou zahradu, a tak jsem si \u0159ekla, \u017ee a\u017e budu bydlet sama, tak si zahradu ud\u011bl\u00e1m opravdu p\u011bknou. Moc r\u00e1da toti\u017e relaxuji na zahrad\u011b. A to hlavn\u011b v l\u00e9t\u011b nebo na ja\u0159e. Hlavn\u011b, kdy\u017e je tepl\u00e9 obdob\u00ed, kdy m\u016f\u017eu b\u00fdt a odpo\u010d\u00edvat na zahrad\u011b. Taky moc r\u00e1da zahradni\u010d\u00edm a p\u011bstuji kv\u011btiny na zahrad\u011b. A proto, abych si l\u00e9to a zahradu vyu\u017eila, tak jsem si \u0159ekla, \u017ee bych si tam mohla postavit n\u011bjak\u00fd alt\u00e1n anebo pergolu. Zat\u00edm jsem nev\u011bd\u011bla, jak\u00fd je p\u0159esn\u00fd rozd\u00edl mezi alt\u00e1nem a pergolou, ale bylo mi to jedno. Nicm\u00e9n\u011b jsem se rozhodla nakonec pro pergolu. N\u011bkdo mi \u0159ekl, \u017ee pergola je p\u0159\u00edmo sou\u010d\u00e1st\u00ed dom\u016f, co\u017e je lep\u0161\u00ed.A tak jsem si \u0159ekla, \u017ee to tak ud\u011bl\u00e1m. A pergola byla opravdu skv\u011bl\u00e1. A nav\u00edc taky skv\u011ble stav\u011bn\u00e1. Byla jsem r\u00e1da, \u017ee m\u016fj bratranec a soused to perfektn\u011b um\u011bli ud\u011blat. Ud\u011blali mi opravdu kr\u00e1snou pergolu. A pergola s na\u0161\u00ed zahrad\u011b opravdu kr\u00e1sn\u011b souzn\u011bla. Pergola byla ze d\u0159eva, m\u011bla tak\u00e9 sklen\u011bn\u00e9 detaily. Moje pergola m\u011bla taky p\u011bkn\u00e1 sklen\u011bn\u00e1 okna, kter\u00e1 se vyj\u00edmala na zahrad\u011b.Taky jsem si na pergolu pov\u011bsila r\u016fzn\u00e9 kv\u011btiny a r\u016fzn\u00e9 dekorace. Nyn\u00ed te\u010f je\u0161t\u011b v\u00edce r\u00e1da relaxuji na zahrad\u011b, kdy\u017e m\u00e1m kde. A v\u00edm, \u017ee se m\u016f\u017eu v\u00e1let na zahrad\u011b na leh\u00e1tku na slunci, ale pokud mi je vedro, tak se mi opravdu hod\u00ed pergola. Nen\u00ed nad to m\u00edt na zahrad\u011b n\u011bco extra. Pergola https:\/\/www.pergoly-trutnov.cz\/drevene-pergoly-zahradni-altany se mi l\u00edb\u00ed a mysl\u00edm, \u017ee nebudu jedin\u00e1, kdo ji bude m\u00edt. M\u016fj dal\u0161\u00ed soused ji taky chce a j\u00e1 se v\u016fbec nediv\u00edm. Pergola je v\u00e1\u017en\u011b perfektn\u00ed v\u011bc, a\u0165 je jak\u00e9koliv obdob\u00ed. A vy m\u00e1te na zahrad\u011b n\u011bjakou pergolu nebo alespo\u0148 alt\u00e1n? A pokud nem\u00e1te v\u016fbec nic, tak si mysl\u00edm, \u017ee je pr\u00e1v\u011b ten nejlep\u0161\u00ed \u010das si n\u011bco takov\u00e9ho po\u0159\u00eddit. A j\u00e1 v\u00e1m za sebe nejv\u00edce doporu\u010duji pr\u00e1v\u011b pergolu. Chybu neud\u011bl\u00e1te.                                                                                                                                                                                                                                                                                                                                                                                           3.9\/5 - (7 votes)        "},{"@context":"https:\/\/schema.org\/","@type":"BreadcrumbList","itemListElement":[{"@type":"ListItem","position":1,"name":"P\u011bkn\u00e1 pergola","item":"https:\/\/www.jblbc.cz\/pekna-pergola\/#breadcrumbitem"}]}]